{"id":20052,"date":"2024-05-16T08:35:00","date_gmt":"2024-05-16T06:35:00","guid":{"rendered":"https:\/\/dreamestate.ae\/rechnungsstellung-von-dubai-firmen-an-deutsche-firmen-ein-umfassender-leitfaden\/"},"modified":"2024-08-12T13:01:03","modified_gmt":"2024-08-12T11:01:03","slug":"dubai\u0307li\u0307-si\u0307rketlerden-alman-si\u0307rketlere-faturalama-kapsamli-bi\u0307r-rehber","status":"publish","type":"post","link":"https:\/\/dreamestate.ae\/tr\/dubai\u0307li\u0307-si\u0307rketlerden-alman-si\u0307rketlere-faturalama-kapsamli-bi\u0307r-rehber\/","title":{"rendered":"Dubai \u015firketlerinden Alman \u015firketlerine faturalama: Kapsaml\u0131 bir rehber"},"content":{"rendered":"<h4 class=\"wp-block-heading\">Giri\u015f<\/h4>\n\n\n\n<p>K\u00fcreselle\u015fme ve k\u00fcresel ekonominin giderek birbirine ba\u011flanmas\u0131, \u015firketlerin s\u0131n\u0131rlar \u00f6tesinde i\u015f yapmas\u0131na yol a\u00e7m\u0131\u015ft\u0131r. Dubai'deki bir \u015firketin Alman \u015firketlerine fatura kesip kesemeyece\u011fi ve nas\u0131l kesebilece\u011fi s\u0131k\u00e7a sorulan bir sorudur. Bu makalede, Dubai \u015firketlerinden Alman \u015firketlerine fatura kesmenin yasal, vergisel ve pratik y\u00f6nlerini a\u00e7\u0131klayaca\u011f\u0131z.<\/p>\n\n\n\n<h4 class=\"wp-block-heading\">Yasal dayanak<\/h4>\n\n\n\n<ol class=\"wp-block-list\">\n<li><strong>Yasal kabul edilebilirlik<\/strong>:<\/li>\n<\/ol>\n\n\n\n<ul class=\"wp-block-list\">\n<li>Prensip olarak, Dubai'deki bir \u015firketin Alman \u015firketlerine fatura d\u00fczenlemesine izin verilir. Bu, uluslararas\u0131 ticaret ve hizmetler kapsam\u0131na girer.<\/li>\n<\/ul>\n\n\n\n<ol class=\"wp-block-list\">\n<li><strong>S\u00f6zle\u015fmeye dayal\u0131 anla\u015fmalar<\/strong>:<\/li>\n<\/ol>\n\n\n\n<ul class=\"wp-block-list\">\n<li>Hizmetler veya mallar teslim edilmeden \u00f6nce, Dubai \u015firketi ile Alman \u015firketi aras\u0131nda yaz\u0131l\u0131 bir s\u00f6zle\u015fme imzalanmal\u0131d\u0131r. Bu s\u00f6zle\u015fme hizmet, fiyat, \u00f6deme ko\u015fullar\u0131 ve uyu\u015fmazl\u0131k \u00e7\u00f6z\u00fcm prosed\u00fcrleri gibi t\u00fcm \u00f6nemli ayr\u0131nt\u0131lar\u0131 i\u00e7ermelidir.<\/li>\n<\/ul>\n\n\n\n<h4 class=\"wp-block-heading\">Vergi konular\u0131<\/h4>\n\n\n\n<ol class=\"wp-block-list\">\n<li><strong>Katma de\u011fer vergisi (KDV)<\/strong>:<\/li>\n<\/ol>\n\n\n\n<ul class=\"wp-block-list\">\n<li>Dubai'de 2018 y\u0131l\u0131ndan bu yana 5 % katma de\u011fer vergisi (KDV) uygulanmaktad\u0131r. Dubai'deki bir \u015firketin bir Alman \u015firketine hizmet veya mal satmas\u0131 durumunda, KDV'nin uygulan\u0131p uygulanmayaca\u011f\u0131 ve nas\u0131l uygulanaca\u011f\u0131 a\u00e7\u0131kl\u0131\u011fa kavu\u015fturulmal\u0131d\u0131r.<\/li>\n\n\n\n<li>KDV normalde yaln\u0131zca BAE i\u00e7inde uygulan\u0131r. Almanya gibi ba\u015fka bir \u00fclkeye mal ve hizmet ihra\u00e7 ederken genellikle KDV al\u0131nmaz. \u0130lgili t\u00fcm d\u00fczenlemelere uyuldu\u011fundan emin olmak i\u00e7in Dubai'deki bir vergi dan\u0131\u015fman\u0131na dan\u0131\u015f\u0131lmas\u0131 tavsiye edilir.<\/li>\n<\/ul>\n\n\n\n<ol class=\"wp-block-list\">\n<li><strong>\u00c7ifte vergilendirme anla\u015fmas\u0131<\/strong>:<\/li>\n<\/ol>\n\n\n\n<ul class=\"wp-block-list\">\n<li>Almanya ve BAE, gelirin iki kez vergilendirilmesini \u00f6nlemek i\u00e7in bir \u00e7ifte vergilendirme anla\u015fmas\u0131 imzalad\u0131. Bu anla\u015fma hangi \u00fclkede hangi vergilerin al\u0131nabilece\u011fini d\u00fczenlemektedir.<\/li>\n\n\n\n<li>Bir vergi dan\u0131\u015fman\u0131, \u00e7ifte vergilendirme anla\u015fmas\u0131n\u0131n h\u00fck\u00fcmlerini anlaman\u0131za ve do\u011fru bir \u015fekilde uygulaman\u0131za yard\u0131mc\u0131 olabilir.<\/li>\n<\/ul>\n\n\n\n<ol class=\"wp-block-list\">\n<li><strong>Almanya'da katma de\u011fer vergisi<\/strong>:<\/li>\n<\/ol>\n\n\n\n<ul class=\"wp-block-list\">\n<li>Dubai'den hizmet veya mal sat\u0131n alan Alman \u015firketi i\u00e7in, ters \u00fccret prosed\u00fcr\u00fcn\u00fcn bir par\u00e7as\u0131 olarak KDV'nin hesaplanmas\u0131 ve \u00f6denmesi gerekebilir. Alman \u015firketi, hizmetin al\u0131c\u0131s\u0131 olarak vergi \u00f6demekle y\u00fck\u00fcml\u00fc hale gelir ve KDV'yi kendisi hesaplamal\u0131 ve Alman vergi dairesine \u00f6demelidir.<\/li>\n<\/ul>\n\n\n\n<h4 class=\"wp-block-heading\">Faturaland\u0131rman\u0131n pratik y\u00f6nleri<\/h4>\n\n\n\n<ol class=\"wp-block-list\">\n<li><strong>Fatura format\u0131 ve i\u00e7eri\u011fi<\/strong>:<\/li>\n<\/ol>\n\n\n\n<ul class=\"wp-block-list\">\n<li>Dubaili bir \u015firketten Alman bir \u015firkete g\u00f6nderilen bir fatura gerekli t\u00fcm bilgileri i\u00e7ermelidir:\n<ul class=\"wp-block-list\">\n<li>Dubai \u015firketinin ad\u0131 ve adresi<\/li>\n\n\n\n<li>Alman \u015firketinin ad\u0131 ve adresi<\/li>\n\n\n\n<li>Dubai \u015firketinin vergi numaras\u0131<\/li>\n\n\n\n<li>Fatura numaras\u0131 ve tarihi<\/li>\n\n\n\n<li>Tedarik edilen mal veya hizmetlerin tan\u0131m\u0131<\/li>\n\n\n\n<li>Tedarik edilen mal veya hizmetlerin miktar\u0131 ve fiyat\u0131<\/li>\n\n\n\n<li>\u00d6deme ko\u015fullar\u0131<\/li>\n\n\n\n<li>Transfer i\u00e7in banka bilgileri<\/li>\n<\/ul>\n<\/li>\n<\/ul>\n\n\n\n<ol class=\"wp-block-list\">\n<li><strong>\u00d6deme y\u00f6ntemleri<\/strong>:<\/li>\n<\/ol>\n\n\n\n<ul class=\"wp-block-list\">\n<li>Uluslararas\u0131 \u00f6demeler, banka havaleleri, PayPal veya di\u011fer \u00e7evrimi\u00e7i \u00f6deme hizmeti sa\u011flay\u0131c\u0131lar\u0131 dahil olmak \u00fczere \u00e7e\u015fitli y\u00f6ntemlerle ger\u00e7ekle\u015ftirilebilir.<\/li>\n\n\n\n<li>Para birimi, son \u00f6deme tarihi ve uluslararas\u0131 transferler i\u00e7in herhangi bir \u00fccret dahil olmak \u00fczere net \u00f6deme ko\u015fullar\u0131n\u0131n belirlenmesi tavsiye edilir.<\/li>\n<\/ul>\n\n\n\n<ol class=\"wp-block-list\">\n<li><strong>Para birimi d\u00f6n\u00fc\u015ft\u00fcrme<\/strong>:<\/li>\n<\/ol>\n\n\n\n<ul class=\"wp-block-list\">\n<li>Dubai para birimi olarak dirhemi (AED) ve Almanya avroyu (EUR) kulland\u0131\u011f\u0131ndan, para birimi d\u00f6n\u00fc\u015ft\u00fcrme i\u015flemi yap\u0131lmal\u0131d\u0131r. Faturalama s\u0131ras\u0131nda g\u00fcncel d\u00f6viz kurunun belirtilmesi al\u0131\u015f\u0131lagelmi\u015f bir durumdur.<\/li>\n<\/ul>\n\n\n\n<h4 class=\"wp-block-heading\">Uyum ve yasal gereklilikler<\/h4>\n\n\n\n<ol class=\"wp-block-list\">\n<li><strong>\u0130hracat ve ithalat d\u00fczenlemeleri<\/strong>:<\/li>\n<\/ol>\n\n\n\n<ul class=\"wp-block-list\">\n<li>Mallar\u0131 teslim ederken BAE'nin ihracat y\u00f6netmeliklerine ve Almanya'n\u0131n ithalat y\u00f6netmeliklerine uyulmal\u0131d\u0131r. Buna g\u00fcmr\u00fck d\u00fczenlemeleri, ithalat k\u0131s\u0131tlamalar\u0131 ve gerekli belgeler dahildir.<\/li>\n<\/ul>\n\n\n\n<ol class=\"wp-block-list\">\n<li><strong>Dok\u00fcmantasyon ve ar\u015fivleme<\/strong>:<\/li>\n<\/ol>\n\n\n\n<ul class=\"wp-block-list\">\n<li>Hem Dubai \u015firketi hem de Alman \u015firketi ilgili t\u00fcm belgeleri dikkatlice ar\u015fivlemelidir. Vergi makamlar\u0131n\u0131n olas\u0131 denetimlerine haz\u0131rl\u0131kl\u0131 olmak i\u00e7in s\u00f6zle\u015fmeler, faturalar, \u00f6deme makbuzlar\u0131 ve yaz\u0131\u015fmalar da buna dahildir.<\/li>\n<\/ul>\n\n\n\n<p>Prensip olarak, Dubai \u015firketlerinden Alman \u015firketlerine faturalama yapmak m\u00fcmk\u00fcnd\u00fcr ve uluslararas\u0131 ticarette yayg\u0131n bir uygulamad\u0131r. Ancak, yasal ve vergi \u00e7er\u00e7evesinin iyi anla\u015f\u0131lmas\u0131 ve dikkatli bir s\u00f6zle\u015fme tasla\u011f\u0131 ve dok\u00fcmantasyon gerektirir. Yukar\u0131daki ad\u0131mlar\u0131 takip ederek ve vergi dan\u0131\u015fmanlar\u0131 ve avukatlar gibi profesyonellere dan\u0131\u015farak, hem Dubai \u015firketi hem de Alman \u015firketi s\u00fcrecin sorunsuz ve uyumlu olmas\u0131n\u0131 sa\u011flayabilir.<\/p>\n\n\n\n<p><a href=\"https:\/\/dubaifirma.ae\" target=\"_blank\" rel=\"noreferrer noopener\">Dubai'de \u015firketinizi burada kurabilirsiniz <\/a><\/p>","protected":false},"excerpt":{"rendered":"<p>Einleitung Die Globalisierung und die zunehmende Vernetzung der Weltwirtschaft haben dazu gef\u00fchrt, dass Unternehmen grenz\u00fcberschreitend Gesch\u00e4fte t\u00e4tigen. Eine h\u00e4ufige Frage, die sich dabei stellt, ist, ob und wie eine Firma in Dubai Rechnungen an deutsche Unternehmen stellen kann. In diesem Artikel werden wir die rechtlichen, steuerlichen und praktischen Aspekte der Rechnungsstellung von Dubai-Firmen an deutsche [&hellip;]<\/p>","protected":false},"author":1,"featured_media":20017,"comment_status":"open","ping_status":"open","sticky":false,"template":"","format":"standard","meta":{"_acf_changed":false,"content-type":"","footnotes":""},"categories":[2],"tags":[],"class_list":["post-20052","post","type-post","status-publish","format-standard","has-post-thumbnail","hentry","category-business"],"acf":[],"jetpack_featured_media_url":"https:\/\/dreamestate.ae\/wp-content\/uploads\/2024\/05\/The-Crestmark-Project-Brief_Seite_17.jpg","_links":{"self":[{"href":"https:\/\/dreamestate.ae\/tr\/wp-json\/wp\/v2\/posts\/20052","targetHints":{"allow":["GET"]}}],"collection":[{"href":"https:\/\/dreamestate.ae\/tr\/wp-json\/wp\/v2\/posts"}],"about":[{"href":"https:\/\/dreamestate.ae\/tr\/wp-json\/wp\/v2\/types\/post"}],"author":[{"embeddable":true,"href":"https:\/\/dreamestate.ae\/tr\/wp-json\/wp\/v2\/users\/1"}],"replies":[{"embeddable":true,"href":"https:\/\/dreamestate.ae\/tr\/wp-json\/wp\/v2\/comments?post=20052"}],"version-history":[{"count":2,"href":"https:\/\/dreamestate.ae\/tr\/wp-json\/wp\/v2\/posts\/20052\/revisions"}],"predecessor-version":[{"id":24161,"href":"https:\/\/dreamestate.ae\/tr\/wp-json\/wp\/v2\/posts\/20052\/revisions\/24161"}],"wp:featuredmedia":[{"embeddable":true,"href":"https:\/\/dreamestate.ae\/tr\/wp-json\/wp\/v2\/media\/20017"}],"wp:attachment":[{"href":"https:\/\/dreamestate.ae\/tr\/wp-json\/wp\/v2\/media?parent=20052"}],"wp:term":[{"taxonomy":"category","embeddable":true,"href":"https:\/\/dreamestate.ae\/tr\/wp-json\/wp\/v2\/categories?post=20052"},{"taxonomy":"post_tag","embeddable":true,"href":"https:\/\/dreamestate.ae\/tr\/wp-json\/wp\/v2\/tags?post=20052"}],"curies":[{"name":"wp","href":"https:\/\/api.w.org\/{rel}","templated":true}]}}